{"id":115,"date":"2022-02-12T01:33:00","date_gmt":"2022-02-12T00:33:00","guid":{"rendered":"https:\/\/inmuno.es\/?p=115"},"modified":"2024-02-25T09:54:03","modified_gmt":"2024-02-25T08:54:03","slug":"yvelise-barrios-hay-que-avanzar-hacia-una-estrategia-individualizada-en-el-refuerzo-y-proteger-a-los-mas-vulnerables","status":"publish","type":"post","link":"https:\/\/inmuno.es\/index.php\/2022\/02\/12\/yvelise-barrios-hay-que-avanzar-hacia-una-estrategia-individualizada-en-el-refuerzo-y-proteger-a-los-mas-vulnerables\/","title":{"rendered":"Yvelise Barrios: \u201cHay que avanzar hacia una estrategia individualizada en el refuerzo y proteger a los m\u00e1s vulnerables\u201d"},"content":{"rendered":"\n<p>La vocal de la Sociedad Espa\u00f1ola de Inmunolog\u00eda (SEI) cuestiona la necesidad de una dosis de refuerzo indiscriminada a toda la poblaci\u00f3n y defiende una \u201cestrategia individualizada\u201d de dosis de refuerzo, para \u201cproteger a quien hay que proteger, la poblaci\u00f3n vulnerable, inmunodeprimida o de riesgo\u201d.<\/p>\n\n\n\n<figure class=\"wp-block-image size-full\"><img loading=\"lazy\" decoding=\"async\" width=\"1024\" height=\"682\" src=\"https:\/\/inmuno.es\/wp-content\/uploads\/2023\/08\/Yvelise-Barrios-del-Pino-HUC-1024x682-1.jpg\" alt=\"\" class=\"wp-image-116\" srcset=\"https:\/\/inmuno.es\/wp-content\/uploads\/2023\/08\/Yvelise-Barrios-del-Pino-HUC-1024x682-1.jpg 1024w, https:\/\/inmuno.es\/wp-content\/uploads\/2023\/08\/Yvelise-Barrios-del-Pino-HUC-1024x682-1-300x200.jpg 300w, https:\/\/inmuno.es\/wp-content\/uploads\/2023\/08\/Yvelise-Barrios-del-Pino-HUC-1024x682-1-768x512.jpg 768w\" sizes=\"auto, (max-width: 1024px) 100vw, 1024px\" \/><figcaption class=\"wp-element-caption\">La inmun\u00f3loga del HUC y vocal de la Sociedad Espa\u00f1ola de Inmunolog\u00eda (SEI), Yvelise Barrios. | DA<\/figcaption><\/figure>\n\n\n\n<p>Investigadores del Hospital Universitario de Canarias (HUC) han logrado, tras varios meses de trabajo, la creaci\u00f3n de un test cut\u00e1neo capaz de adivinar el estado de la inmunidad celular de una persona, por lo que de un modo r\u00e1pido identifica si necesita una dosis de refuerzo de la vacuna frente al SARS-CoV-2 o no. Los investigadores principales han sido la especialista en Inmunolog\u00eda Yvelise Barrios y el experto en Alergolog\u00eda V\u00edctor Matheu, que han logrado una prueba pionera en el mundo que denominaron CoviDCELL. Sin embargo, todav\u00eda no han logrado comercializar este producto que ahorrar\u00eda millones de euros al Sistema Nacional de Salud. Barrios, tambi\u00e9n vocal de la Sociedad Espa\u00f1ola de Inmunolog\u00eda (SEI), cuestiona la necesidad de una dosis de refuerzo indiscriminada a toda la poblaci\u00f3n y defiende una \u201cestrategia individualizada\u201d de dosis de refuerzo, para \u201cproteger a quien hay que proteger, como la poblaci\u00f3n vulnerable, inmunodeprimida o de riesgo\u201d<\/p>\n\n\n\n<p><a href=\"https:\/\/diariodeavisos.elespanol.com\/2022\/02\/__trashed-5\/\">https:\/\/diariodeavisos.elespanol.com\/2022\/02\/__trashed-5\/<\/a><\/p>\n","protected":false},"excerpt":{"rendered":"<p>La vocal de la Sociedad Espa\u00f1ola de Inmunolog\u00eda (SEI) cuestiona la necesidad de una dosis de refuerzo indiscriminada a toda la poblaci\u00f3n y defiende una \u201cestrategia individualizada\u201d de dosis de refuerzo, para \u201cproteger a quien hay que proteger, la poblaci\u00f3n vulnerable, inmunodeprimida o de riesgo\u201d. Investigadores del Hospital Universitario de Canarias (HUC) han logrado, tras &#8230; <a title=\"Yvelise Barrios: \u201cHay que avanzar hacia una estrategia individualizada en el refuerzo y proteger a los m\u00e1s vulnerables\u201d\" class=\"read-more\" href=\"https:\/\/inmuno.es\/index.php\/2022\/02\/12\/yvelise-barrios-hay-que-avanzar-hacia-una-estrategia-individualizada-en-el-refuerzo-y-proteger-a-los-mas-vulnerables\/\" aria-label=\"Read more about Yvelise Barrios: \u201cHay que avanzar hacia una estrategia individualizada en el refuerzo y proteger a los m\u00e1s vulnerables\u201d\">Read more<\/a><\/p>\n","protected":false},"author":1,"featured_media":116,"comment_status":"open","ping_status":"open","sticky":false,"template":"","format":"standard","meta":{"footnotes":""},"categories":[15,4,14],"tags":[10,9],"class_list":["post-115","post","type-post","status-publish","format-standard","has-post-thumbnail","hentry","category-inmunologia","category-inmunologia-huc","category-noticias","tag-covid-19","tag-inmunologia-huc"],"_links":{"self":[{"href":"https:\/\/inmuno.es\/index.php\/wp-json\/wp\/v2\/posts\/115","targetHints":{"allow":["GET"]}}],"collection":[{"href":"https:\/\/inmuno.es\/index.php\/wp-json\/wp\/v2\/posts"}],"about":[{"href":"https:\/\/inmuno.es\/index.php\/wp-json\/wp\/v2\/types\/post"}],"author":[{"embeddable":true,"href":"https:\/\/inmuno.es\/index.php\/wp-json\/wp\/v2\/users\/1"}],"replies":[{"embeddable":true,"href":"https:\/\/inmuno.es\/index.php\/wp-json\/wp\/v2\/comments?post=115"}],"version-history":[{"count":1,"href":"https:\/\/inmuno.es\/index.php\/wp-json\/wp\/v2\/posts\/115\/revisions"}],"predecessor-version":[{"id":117,"href":"https:\/\/inmuno.es\/index.php\/wp-json\/wp\/v2\/posts\/115\/revisions\/117"}],"wp:featuredmedia":[{"embeddable":true,"href":"https:\/\/inmuno.es\/index.php\/wp-json\/wp\/v2\/media\/116"}],"wp:attachment":[{"href":"https:\/\/inmuno.es\/index.php\/wp-json\/wp\/v2\/media?parent=115"}],"wp:term":[{"taxonomy":"category","embeddable":true,"href":"https:\/\/inmuno.es\/index.php\/wp-json\/wp\/v2\/categories?post=115"},{"taxonomy":"post_tag","embeddable":true,"href":"https:\/\/inmuno.es\/index.php\/wp-json\/wp\/v2\/tags?post=115"}],"curies":[{"name":"wp","href":"https:\/\/api.w.org\/{rel}","templated":true}]}}