{"id":175,"date":"2023-09-21T00:01:00","date_gmt":"2023-09-20T22:01:00","guid":{"rendered":"https:\/\/inmuno.es\/?p=175"},"modified":"2023-09-22T09:43:02","modified_gmt":"2023-09-22T07:43:02","slug":"descubierta-una-proteina-inmunorreguladora-que-podria-estar-relacionada-con-el-desarrollo-de-enfermedades-autoinmunes","status":"publish","type":"post","link":"https:\/\/inmuno.es\/index.php\/2023\/09\/21\/descubierta-una-proteina-inmunorreguladora-que-podria-estar-relacionada-con-el-desarrollo-de-enfermedades-autoinmunes\/","title":{"rendered":"Descubierta una prote\u00edna inmunorreguladora que podr\u00eda estar relacionada con el desarrollo de enfermedades autoinmunes"},"content":{"rendered":"\n<p>Los investigadores se\u00f1alan que el componente identificado en el sistema inmunol\u00f3gico se denomina \u00b4Rinl\u00b4, y podr\u00eda proporcionar un nuevo objetivo para el desarrollo de terapias inmunomoduladoras.<\/p>\n\n\n\n<h6 class=\"wp-block-heading\"><strong>21\/09\/2023<\/strong>\u00a0<a rel=\"noreferrer noopener\" href=\"https:\/\/www.linkedin.com\/shareArticle?url=https:\/\/www.immedicohospitalario.es\/noticia\/41384\/descubierta-una-proteina-inmunorreguladora-que-podria-estar-relacion.html&amp;title=Descubierta+una+prote%C3%ADna+inmunorreguladora+que+podr%C3%ADa+estar+relacionada+con+el+desarrollo+de+enfermedades+autoinmunes\" target=\"_blank\"><\/a>\u00a0<a rel=\"noreferrer noopener\" href=\"mailto:?subject=Descubierta+una+prote%C3%ADna+inmunorreguladora+que+podr%C3%ADa+estar+relacionada+con+el+desarrollo+de+enfermedades+autoinmunes&amp;body=https:\/\/www.immedicohospitalario.es\/noticia\/41384\/descubierta-una-proteina-inmunorreguladora-que-podria-estar-relacion.html\" target=\"_blank\"><\/a>\u00a0\u00a0<a rel=\"noreferrer noopener\" target=\"_blank\"><\/a><\/h6>\n\n\n\n<p>Un equipo de investigaci\u00f3n de MedUni Viena (Austria) ha descubierto una prote\u00edna inmunorreguladora que podr\u00eda estar relacionada con el desarrollo de enfermedades autoinmunes, enfermedades complejas cuyas causas son diversas y a\u00fan no han sido completamente explicadas.<\/p>\n\n\n\n<p>Los investigadores, que han publicado recientemente el estudio en \u00b4Journal of Experimental Medicine\u00b4, se\u00f1alan que el componente identificado en el sistema inmunol\u00f3gico se denomina \u00b4Rinl\u00b4, y podr\u00eda proporcionar un nuevo objetivo para el desarrollo de terapias inmunomoduladoras.<\/p>\n\n\n\n<p>Durante su investigaci\u00f3n, el equipo de Nicole y Ruth Herbst del Centro de Fisiopatolog\u00eda, Infectolog\u00eda e Inmunolog\u00eda de la MedUni de Viena, encontraron niveles especialmente elevados de \u00b4Rinl\u00b4 en unas c\u00e9lulas inmunitarias especiales, las c\u00e9lulas T. \u00b4Rinl\u00b4, al igual que sus hermanos Rin 1-3, es miembro de la familia de prote\u00ednas de interacci\u00f3n Ras (Rin) y es un objeto de investigaci\u00f3n comparativamente joven.<\/p>\n\n\n\n<p>Mientras que en los \u00faltimos a\u00f1os en estudios internacionales ya se ha relacionado una deficiencia o un exceso de prote\u00ednas Rin 1-3, por ejemplo, con el c\u00e1ncer, la enfermedad de Alzheimer o la escoliosis, una enfermedad de la columna vertebral, hasta ahora el \u00b4Rinl\u00b4 ha sido poco investigado.<\/p>\n\n\n\n<p>La funci\u00f3n de esta prote\u00edna en el sistema inmunol\u00f3gico ha sido aclarada por el equipo cient\u00edfico como parte del presente estudio.&nbsp;<strong><em>&#8220;Al analizar modelos de rat\u00f3n y cultivos de c\u00e9lulas T humanas, hemos descubierto que Rinl controla el desarrollo de las c\u00e9lulas T auxiliares foliculares, las Tfh<\/em><\/strong>&#8220;, se\u00f1alan los investigadores principales del estudio, los doctores&nbsp;<strong>Nicole Boucheron<\/strong>&nbsp;y&nbsp;<strong>Ruth Herbst<\/strong>.<\/p>\n\n\n\n<p>Los Tfh son un subconjunto de c\u00e9lulas T y apoyan la maduraci\u00f3n de otros componentes esenciales del sistema inmunol\u00f3gico, las c\u00e9lulas B. Las c\u00e9lulas B maduras, a su vez, producen anticuerpos muy eficaces y, por tanto, desempe\u00f1an un papel importante en la respuesta inmunitaria del organismo: en las vacunas se desea una gran cantidad de estos anticuerpos, pero en enfermedades autoinmunes como la artritis reumatoide (AR) se vuelven contra el propio cuerpo del cuerpo y da\u00f1arlo.<\/p>\n\n\n\n<p>La investigaci\u00f3n, realizada a partir de datos de pacientes de bases de datos p\u00fablicas, ha demostrado tambi\u00e9n que existe una baja concentraci\u00f3n de prote\u00ednas \u00b4Rinl\u00b4 en las c\u00e9lulas T de la artritis reumatoide (AR). Bas\u00e1ndose en estos resultados, la prote\u00edna puede representar un nuevo objetivo para el desarrollo de terapias inmunomoduladoras para la AR.<\/p>\n\n\n\n<p>&#8220;<strong><em>Las farmacoterapias que controlan \u00b4Rinl\u00b4 y las v\u00edas de se\u00f1alizaci\u00f3n dependientes de Rinl podr\u00edan ayudar a aliviar los s\u00edntomas de la AR<\/em><\/strong>&#8220;, se\u00f1ala Nicole Boucheron. Por el contrario, las intervenciones que inhiben \u00b4Rinl\u00b4 podr\u00edan usarse en la inmunodeficiencia para ayudar al cuerpo a combatir enfermedades.<\/p>\n\n\n\n<p>&#8220;<em>Investigaciones futuras deber\u00edan confirmar los resultados y mostrar si la prote\u00edna \u00b4Rinl\u00b4 tambi\u00e9n puede abrir nuevas opciones terap\u00e9uticas para otras enfermedades asociadas con una respuesta inmune alterada, particularmente en la regulaci\u00f3n de las c\u00e9lulas Tfh&#8221;,<\/em>\u00a0afirman los investigadores de cara a trabajos futuros.<\/p>\n\n\n\n<p><strong>Fuente<\/strong>: <a href=\"https:\/\/www.immedicohospitalario.es\/noticia\/41384\/descubierta-una-proteina-inmunorreguladora-que-podria-estar-relacion.html\" target=\"_blank\" rel=\"noreferrer noopener\">https:\/\/www.immedicohospitalario.es\/noticia\/41384\/descubierta-una-proteina-inmunorreguladora-que-podria-estar-relacion.html<\/a><\/p>\n","protected":false},"excerpt":{"rendered":"<p>Los investigadores se\u00f1alan que el componente identificado en el sistema inmunol\u00f3gico se denomina \u00b4Rinl\u00b4, y podr\u00eda proporcionar un nuevo objetivo para el desarrollo de terapias inmunomoduladoras. 21\/09\/2023\u00a0\u00a0\u00a0\u00a0 Un equipo de investigaci\u00f3n de MedUni Viena (Austria) ha descubierto una prote\u00edna inmunorreguladora que podr\u00eda estar relacionada con el desarrollo de enfermedades autoinmunes, enfermedades complejas cuyas causas son &#8230; <a title=\"Descubierta una prote\u00edna inmunorreguladora que podr\u00eda estar relacionada con el desarrollo de enfermedades autoinmunes\" class=\"read-more\" href=\"https:\/\/inmuno.es\/index.php\/2023\/09\/21\/descubierta-una-proteina-inmunorreguladora-que-podria-estar-relacionada-con-el-desarrollo-de-enfermedades-autoinmunes\/\" aria-label=\"Read more about Descubierta una prote\u00edna inmunorreguladora que podr\u00eda estar relacionada con el desarrollo de enfermedades autoinmunes\">Read more<\/a><\/p>\n","protected":false},"author":1,"featured_media":176,"comment_status":"open","ping_status":"open","sticky":false,"template":"","format":"standard","meta":{"footnotes":""},"categories":[15,14],"tags":[16,5,21],"class_list":["post-175","post","type-post","status-publish","format-standard","has-post-thumbnail","hentry","category-inmunologia","category-noticias","tag-autoinmunidad","tag-celula-t","tag-celula-tfh"],"_links":{"self":[{"href":"https:\/\/inmuno.es\/index.php\/wp-json\/wp\/v2\/posts\/175","targetHints":{"allow":["GET"]}}],"collection":[{"href":"https:\/\/inmuno.es\/index.php\/wp-json\/wp\/v2\/posts"}],"about":[{"href":"https:\/\/inmuno.es\/index.php\/wp-json\/wp\/v2\/types\/post"}],"author":[{"embeddable":true,"href":"https:\/\/inmuno.es\/index.php\/wp-json\/wp\/v2\/users\/1"}],"replies":[{"embeddable":true,"href":"https:\/\/inmuno.es\/index.php\/wp-json\/wp\/v2\/comments?post=175"}],"version-history":[{"count":1,"href":"https:\/\/inmuno.es\/index.php\/wp-json\/wp\/v2\/posts\/175\/revisions"}],"predecessor-version":[{"id":177,"href":"https:\/\/inmuno.es\/index.php\/wp-json\/wp\/v2\/posts\/175\/revisions\/177"}],"wp:featuredmedia":[{"embeddable":true,"href":"https:\/\/inmuno.es\/index.php\/wp-json\/wp\/v2\/media\/176"}],"wp:attachment":[{"href":"https:\/\/inmuno.es\/index.php\/wp-json\/wp\/v2\/media?parent=175"}],"wp:term":[{"taxonomy":"category","embeddable":true,"href":"https:\/\/inmuno.es\/index.php\/wp-json\/wp\/v2\/categories?post=175"},{"taxonomy":"post_tag","embeddable":true,"href":"https:\/\/inmuno.es\/index.php\/wp-json\/wp\/v2\/tags?post=175"}],"curies":[{"name":"wp","href":"https:\/\/api.w.org\/{rel}","templated":true}]}}